{"id":2060,"date":"2025-09-30T14:53:56","date_gmt":"2025-09-30T17:53:56","guid":{"rendered":"https:\/\/marchefpescados.com.br\/?p=2060"},"modified":"2026-04-06T18:03:28","modified_gmt":"2026-04-06T21:03:28","slug":"relatorio-de-transparencia-igualdade-salarial","status":"publish","type":"post","link":"https:\/\/marchefpescados.com.br\/index.php\/2025\/09\/30\/relatorio-de-transparencia-igualdade-salarial\/","title":{"rendered":"Relat\u00f3rio de Transpar\u00eancia e Igualdade Salarial \u2013 2\u00ba Semestre de 2025"},"content":{"rendered":"\n<p>Na Marchef, acreditamos que cada conquista \u00e9 resultado das pessoas que constroem a empresa todos os dias. \u00c9 por isso que <strong>transpar\u00eancia, diversidade e equidade<\/strong> est\u00e3o no centro do nosso jeito de trabalhar.<\/p>\n\n\n\n<p>Em cumprimento \u00e0 <strong>Lei n\u00ba 14.611\/2023<\/strong>, regulamentada pelo Minist\u00e9rio do Trabalho e Emprego, a Marchef publica o seu <strong>Relat\u00f3rio de Transpar\u00eancia e Igualdade Salarial<\/strong> entre Mulheres e Homens, referente ao <strong>2\u00ba semestre de 2025<\/strong>.<\/p>\n\n\n\n<p>Essa medida faz parte da <strong>exig\u00eancia legal<\/strong> para empresas com mais de 100 colaboradores e refor\u00e7a o nosso compromisso com a <strong>transpar\u00eancia, a igualdade e a valoriza\u00e7\u00e3o das pessoas<\/strong> dentro do ambiente de trabalho.<\/p>\n\n\n\n<p>O relat\u00f3rio oficial pode ser consultado na imagem abaixo, que apresenta de forma clara os principais dados sobre a participa\u00e7\u00e3o de homens e mulheres, a <strong>remunera\u00e7\u00e3o praticada<\/strong> e as a\u00e7\u00f5es voltadas \u00e0 <strong>diversidade e equidade<\/strong> em nossa empresa.<\/p>\n\n\n\n<h2 class=\"wp-block-heading\"><br>\ud83d\udcca Complementando as informa\u00e7\u00f5es do relat\u00f3rio:<\/h2>\n\n\n\n<ul class=\"wp-block-list\">\n<li>A participa\u00e7\u00e3o na Marchef \u00e9 composta por 43% de mulheres e 57% de homens.<\/li>\n\n\n\n<li>O sal\u00e1rio contratual mediano das mulheres corresponde a <strong>100% do valor recebido pelos homens<\/strong>.<\/li>\n\n\n\n<li>A remunera\u00e7\u00e3o m\u00e9dia mensal das mulheres equivale a <strong>112,9%<\/strong> em compara\u00e7\u00e3o com a dos homens.<\/li>\n\n\n\n<li>Nossa pol\u00edtica de remunera\u00e7\u00e3o leva em conta crit\u00e9rios como plano de cargos e sal\u00e1rios, experi\u00eancia, metas de produ\u00e7\u00e3o, disponibilidade para viagens e reuni\u00f5es externas, trabalho em equipe e proatividade.<\/li>\n\n\n\n<li>Entre as a\u00e7\u00f5es de diversidade, destacamos: incentivo \u00e0 presen\u00e7a de mulheres em cargos de lideran\u00e7a, pol\u00edticas de inclus\u00e3o (<strong>mulheres negras, pessoas com defici\u00eancia, LGBTQIA+, ind\u00edgenas<\/strong>) e apoio ao equil\u00edbrio entre vida profissional e familiar.<\/li>\n<\/ul>\n\n\n\n<figure class=\"wp-block-image aligncenter size-full\"><img fetchpriority=\"high\" decoding=\"async\" width=\"2560\" height=\"1811\" src=\"https:\/\/marchefpescados.com.br\/wp-content\/uploads\/2025\/09\/RelatorioIgualdadeSalarialLote_2025_2_43690416000191_page-0001-1-1-scaled.jpg\" alt=\"\" class=\"wp-image-2067\" srcset=\"https:\/\/marchefpescados.com.br\/wp-content\/uploads\/2025\/09\/RelatorioIgualdadeSalarialLote_2025_2_43690416000191_page-0001-1-1-scaled.jpg 2560w, https:\/\/marchefpescados.com.br\/wp-content\/uploads\/2025\/09\/RelatorioIgualdadeSalarialLote_2025_2_43690416000191_page-0001-1-1-300x212.jpg 300w, https:\/\/marchefpescados.com.br\/wp-content\/uploads\/2025\/09\/RelatorioIgualdadeSalarialLote_2025_2_43690416000191_page-0001-1-1-1024x724.jpg 1024w, https:\/\/marchefpescados.com.br\/wp-content\/uploads\/2025\/09\/RelatorioIgualdadeSalarialLote_2025_2_43690416000191_page-0001-1-1-768x543.jpg 768w, https:\/\/marchefpescados.com.br\/wp-content\/uploads\/2025\/09\/RelatorioIgualdadeSalarialLote_2025_2_43690416000191_page-0001-1-1-1536x1086.jpg 1536w, https:\/\/marchefpescados.com.br\/wp-content\/uploads\/2025\/09\/RelatorioIgualdadeSalarialLote_2025_2_43690416000191_page-0001-1-1-2048x1448.jpg 2048w, https:\/\/marchefpescados.com.br\/wp-content\/uploads\/2025\/09\/RelatorioIgualdadeSalarialLote_2025_2_43690416000191_page-0001-1-1-1320x934.jpg 1320w, https:\/\/marchefpescados.com.br\/wp-content\/uploads\/2025\/09\/RelatorioIgualdadeSalarialLote_2025_2_43690416000191_page-0001-1-1-600x424.jpg 600w\" sizes=\"(max-width: 2560px) 100vw, 2560px\" \/><\/figure>\n\n\n\n<h2 class=\"wp-block-heading\">\ud83e\udd90 Compromisso da Marchef:<\/h2>\n\n\n\n<p><br>Acreditamos que igualdade e transpar\u00eancia s\u00e3o essenciais para construir um ambiente de trabalho justo, inclusivo e produtivo.<\/p>\n\n\n\n<p>A Marchef reafirma sua responsabilidade em adotar pr\u00e1ticas de diversidade, equidade e inclus\u00e3o, garantindo que todas as pessoas tenham oportunidades iguais de crescimento e reconhecimento.<\/p>\n\n\n\n<p><\/p>\n","protected":false},"excerpt":{"rendered":"<p>Na Marchef, acreditamos que cada conquista \u00e9 resultado das pessoas que constroem a empresa todos os dias. \u00c9 por isso que transpar\u00eancia, diversidade e equidade est\u00e3o no centro do nosso jeito de trabalhar. Em cumprimento \u00e0 Lei n\u00ba 14.611\/2023, regulamentada pelo Minist\u00e9rio do Trabalho e Emprego, a Marchef publica o seu Relat\u00f3rio de Transpar\u00eancia e Igualdade Salarial entre Mulheres e Homens, referente ao 2\u00ba semestre de 2025. Essa medida faz parte da exig\u00eancia legal para empresas com mais de 100 colaboradores e refor\u00e7a o nosso compromisso com a transpar\u00eancia, a igualdade e a valoriza\u00e7\u00e3o das pessoas dentro do ambiente de trabalho. O relat\u00f3rio oficial pode ser consultado na imagem abaixo, que apresenta de forma clara os principais dados sobre a participa\u00e7\u00e3o de homens e mulheres, a remunera\u00e7\u00e3o praticada e as a\u00e7\u00f5es voltadas \u00e0 diversidade e equidade em nossa empresa. \ud83d\udcca Complementando as informa\u00e7\u00f5es do relat\u00f3rio: \ud83e\udd90 Compromisso da Marchef: Acreditamos que igualdade e transpar\u00eancia s\u00e3o essenciais para construir um ambiente de trabalho justo, inclusivo e produtivo. A Marchef reafirma sua responsabilidade em adotar pr\u00e1ticas de diversidade, equidade e inclus\u00e3o, garantindo que todas as pessoas tenham oportunidades iguais de crescimento e reconhecimento.<\/p>\n","protected":false},"author":1,"featured_media":2061,"comment_status":"open","ping_status":"open","sticky":false,"template":"","format":"standard","meta":{"_acf_changed":false,"_jetpack_memberships_contains_paid_content":false,"footnotes":""},"categories":[9],"tags":[],"class_list":["post-2060","post","type-post","status-publish","format-standard","has-post-thumbnail","hentry","category-marchef"],"acf":[],"jetpack_featured_media_url":"https:\/\/marchefpescados.com.br\/wp-content\/uploads\/2025\/09\/igualdade.jpg","jetpack_sharing_enabled":true,"_links":{"self":[{"href":"https:\/\/marchefpescados.com.br\/index.php\/wp-json\/wp\/v2\/posts\/2060","targetHints":{"allow":["GET"]}}],"collection":[{"href":"https:\/\/marchefpescados.com.br\/index.php\/wp-json\/wp\/v2\/posts"}],"about":[{"href":"https:\/\/marchefpescados.com.br\/index.php\/wp-json\/wp\/v2\/types\/post"}],"author":[{"embeddable":true,"href":"https:\/\/marchefpescados.com.br\/index.php\/wp-json\/wp\/v2\/users\/1"}],"replies":[{"embeddable":true,"href":"https:\/\/marchefpescados.com.br\/index.php\/wp-json\/wp\/v2\/comments?post=2060"}],"version-history":[{"count":3,"href":"https:\/\/marchefpescados.com.br\/index.php\/wp-json\/wp\/v2\/posts\/2060\/revisions"}],"predecessor-version":[{"id":2077,"href":"https:\/\/marchefpescados.com.br\/index.php\/wp-json\/wp\/v2\/posts\/2060\/revisions\/2077"}],"wp:featuredmedia":[{"embeddable":true,"href":"https:\/\/marchefpescados.com.br\/index.php\/wp-json\/wp\/v2\/media\/2061"}],"wp:attachment":[{"href":"https:\/\/marchefpescados.com.br\/index.php\/wp-json\/wp\/v2\/media?parent=2060"}],"wp:term":[{"taxonomy":"category","embeddable":true,"href":"https:\/\/marchefpescados.com.br\/index.php\/wp-json\/wp\/v2\/categories?post=2060"},{"taxonomy":"post_tag","embeddable":true,"href":"https:\/\/marchefpescados.com.br\/index.php\/wp-json\/wp\/v2\/tags?post=2060"}],"curies":[{"name":"wp","href":"https:\/\/api.w.org\/{rel}","templated":true}]}}