{"id":1774,"date":"2025-04-29T13:26:15","date_gmt":"2025-04-29T16:26:15","guid":{"rendered":"https:\/\/marchefpescados.com.br\/?p=1774"},"modified":"2025-04-29T13:26:16","modified_gmt":"2025-04-29T16:26:16","slug":"camarao-marchef-com-tempero-inovacao-na-sua-cozinha","status":"publish","type":"post","link":"https:\/\/marchefpescados.com.br\/index.php\/2025\/04\/29\/camarao-marchef-com-tempero-inovacao-na-sua-cozinha\/","title":{"rendered":"Camar\u00e3o Marchef com Tempero: Inova\u00e7\u00e3o na Sua Cozinha"},"content":{"rendered":"\n<p>Voc\u00ea sabia que o camar\u00e3o de varejo Marchef, na embalagem de 300g, foi pioneiro no mercado ao trazer um sach\u00ea de tempero junto ao produto? Isso mesmo! A Marchef est\u00e1 sempre inovando no setor de pescados e proporcionando novas experi\u00eancias para seus clientes. \ud83c\udf64\u2728<\/p>\n\n\n\n<p><strong>A Origem da Ideia Disruptiva<\/strong><\/p>\n\n\n\n<p>Senta que l\u00e1 vem hist\u00f3ria! Ricardo Pedroza, um dos fundadores da marca, estava em uma de suas caminhadas matinais pelas ruas de S\u00e3o Paulo quando teve a brilhante ideia de incluir um sach\u00ea de tempero na embalagem do camar\u00e3o. Entre os pensamentos que fervilhavam em sua mente, dois se destacaram:<\/p>\n\n\n\n<ol start=\"1\" class=\"wp-block-list\">\n<li>\u201cPoxa, todas as marcas do mercado seguem o mesmo padr\u00e3o h\u00e1 mais de uma d\u00e9cada. Como podemos ser diferentes?\u201d<\/li>\n\n\n\n<li>\u201cMuitas donas e donos de casa n\u00e3o sabem preparar o produto, e se&#8230;\u201d<\/li>\n<\/ol>\n\n\n\n<p>E o resto \u00e9 hist\u00f3ria! Foi assim que surgiu a ideia inovadora de colocar o sach\u00ea na embalagem. A verdade \u00e9 que grande parte das pessoas que compram camar\u00e3o em supermercados n\u00e3o sabem como prepar\u00e1-lo. Com isso em mente, Ricardo e a Marchef decidiram simplificar o processo e elevar a experi\u00eancia dos clientes. \ud83c\udf73\ud83c\udf54<\/p>\n\n\n\n<p><strong>Quer Saber o Segredo do Nosso Tempero?<\/strong><\/p>\n\n\n\n<p>Voc\u00ea est\u00e1 curioso para provar nosso tempero? Ent\u00e3o corra at\u00e9 o supermercado mais pr\u00f3ximo e experimente o nosso camar\u00e3o! Ah, e n\u00e3o adianta insistir: n\u00e3o vamos revelar a receita do nosso sach\u00ea secreto. \ud83d\ude09\u2764\ufe0f<\/p>\n\n\n\n<p>Preparar o camar\u00e3o Marchef \u00e9 f\u00e1cil e r\u00e1pido:<\/p>\n\n\n\n<ol start=\"1\" class=\"wp-block-list\">\n<li><strong>Descongele o camar\u00e3o<\/strong> em \u00e1gua corrente por cerca de 5 minutos. (Sim, \u00e9 super r\u00e1pido!)<\/li>\n\n\n\n<li>Adicione azeite e o sach\u00ea de tempero. Deixe marinando por mais 5 minutos para real\u00e7ar o sabor.<\/li>\n\n\n\n<li><strong>Na panela<\/strong>: Coloque o camar\u00e3o em uma frigideira quente e deixe cozinhar por 1 minuto e meio de cada lado. (O camar\u00e3o j\u00e1 est\u00e1 pr\u00e9-cozido, ent\u00e3o n\u00e3o ultrapasse esse tempo para evitar que fique borrachudo.)<\/li>\n<\/ol>\n\n\n\n<p>Et voil\u00e0! Seu prato est\u00e1 pronto para ser servido e apreciado. \ud83c\udf72\ud83c\udf7d<\/p>\n","protected":false},"excerpt":{"rendered":"<p>Voc\u00ea sabia que o camar\u00e3o de varejo Marchef, na embalagem de 300g, foi pioneiro no mercado ao trazer um sach\u00ea de tempero junto ao produto? Isso mesmo! A Marchef est\u00e1 sempre inovando no setor de pescados e proporcionando novas experi\u00eancias para seus clientes. \ud83c\udf64\u2728 A Origem da Ideia Disruptiva Senta que l\u00e1 vem hist\u00f3ria! Ricardo Pedroza, um dos fundadores da marca, estava em uma de suas caminhadas matinais pelas ruas de S\u00e3o Paulo quando teve a brilhante ideia de incluir um sach\u00ea de tempero na embalagem do camar\u00e3o. Entre os pensamentos que fervilhavam em sua mente, dois se destacaram: E o resto \u00e9 hist\u00f3ria! Foi assim que surgiu a ideia inovadora de colocar o sach\u00ea na embalagem. A verdade \u00e9 que grande parte das pessoas que compram camar\u00e3o em supermercados n\u00e3o sabem como prepar\u00e1-lo. Com isso em mente, Ricardo e a Marchef decidiram simplificar o processo e elevar a experi\u00eancia dos clientes. \ud83c\udf73\ud83c\udf54 Quer Saber o Segredo do Nosso Tempero? Voc\u00ea est\u00e1 curioso para provar nosso tempero? Ent\u00e3o corra at\u00e9 o supermercado mais pr\u00f3ximo e experimente o nosso camar\u00e3o! Ah, e n\u00e3o adianta insistir: n\u00e3o vamos revelar a receita do nosso sach\u00ea secreto. \ud83d\ude09\u2764\ufe0f Preparar o camar\u00e3o Marchef \u00e9 f\u00e1cil e r\u00e1pido: Et voil\u00e0! Seu prato est\u00e1 pronto para ser servido e apreciado. \ud83c\udf72\ud83c\udf7d<\/p>\n","protected":false},"author":1,"featured_media":1711,"comment_status":"open","ping_status":"open","sticky":false,"template":"","format":"standard","meta":{"_acf_changed":false,"_jetpack_memberships_contains_paid_content":false,"footnotes":""},"categories":[9],"tags":[],"class_list":["post-1774","post","type-post","status-publish","format-standard","has-post-thumbnail","hentry","category-marchef"],"acf":[],"jetpack_featured_media_url":"https:\/\/marchefpescados.com.br\/wp-content\/uploads\/2025\/02\/WhatsApp_Image_2025-01-20_at_16.43.34-removebg-preview.png","jetpack_sharing_enabled":true,"_links":{"self":[{"href":"https:\/\/marchefpescados.com.br\/index.php\/wp-json\/wp\/v2\/posts\/1774","targetHints":{"allow":["GET"]}}],"collection":[{"href":"https:\/\/marchefpescados.com.br\/index.php\/wp-json\/wp\/v2\/posts"}],"about":[{"href":"https:\/\/marchefpescados.com.br\/index.php\/wp-json\/wp\/v2\/types\/post"}],"author":[{"embeddable":true,"href":"https:\/\/marchefpescados.com.br\/index.php\/wp-json\/wp\/v2\/users\/1"}],"replies":[{"embeddable":true,"href":"https:\/\/marchefpescados.com.br\/index.php\/wp-json\/wp\/v2\/comments?post=1774"}],"version-history":[{"count":1,"href":"https:\/\/marchefpescados.com.br\/index.php\/wp-json\/wp\/v2\/posts\/1774\/revisions"}],"predecessor-version":[{"id":1775,"href":"https:\/\/marchefpescados.com.br\/index.php\/wp-json\/wp\/v2\/posts\/1774\/revisions\/1775"}],"wp:featuredmedia":[{"embeddable":true,"href":"https:\/\/marchefpescados.com.br\/index.php\/wp-json\/wp\/v2\/media\/1711"}],"wp:attachment":[{"href":"https:\/\/marchefpescados.com.br\/index.php\/wp-json\/wp\/v2\/media?parent=1774"}],"wp:term":[{"taxonomy":"category","embeddable":true,"href":"https:\/\/marchefpescados.com.br\/index.php\/wp-json\/wp\/v2\/categories?post=1774"},{"taxonomy":"post_tag","embeddable":true,"href":"https:\/\/marchefpescados.com.br\/index.php\/wp-json\/wp\/v2\/tags?post=1774"}],"curies":[{"name":"wp","href":"https:\/\/api.w.org\/{rel}","templated":true}]}}